{"id":3015,"date":"2020-09-22T13:56:24","date_gmt":"2020-09-22T11:56:24","guid":{"rendered":"https:\/\/www.exitfondacija.org\/?p=3015"},"modified":"2020-09-22T13:56:24","modified_gmt":"2020-09-22T11:56:24","slug":"exits-sixth-panel-will-explore-how-conscious-business-contributes-to-the-broader-community-and-ecology","status":"publish","type":"post","link":"https:\/\/www.exitfondacija.org\/en\/news\/exits-sixth-panel-will-explore-how-conscious-business-contributes-to-the-broader-community-and-ecology\/","title":{"rendered":"Exit\u2019s sixth panel will explore how conscious business contributes to the broader community and ecology"},"content":{"rendered":"<h3 class=\"article-lead\">At 6 pm CET on Thursday, September 24th, EXIT\u2019s sixth panel in a row within the Conscious R:evolution platform will be broadcasted live on EXIT Festival\u2019s official Facebook page, on the topic of &#8220;Conscious Business&#8221;.<\/h3>\n<p>The panel participants will be:<\/p>\n<p>\u2022\u00a0<strong>Mohammed Ismaeel<\/strong>, Senior Vice President of Marketing for CEMEA at Visa<br \/>\n\u2022\u00a0<strong>Mi\u0161a Luki\u0107<\/strong>, founder and chief business designer at the NEW STARTEGY consulting company<br \/>\n\u2022\u00a0<strong>Du\u0161an Kova\u010devi\u0107<\/strong>, founder and CEO of the EXIT Festival.<\/p>\n<p>The host of this panel discussion will be\u00a0<strong>Danica Stupar<\/strong>, executive director of the leading business platform in Serbia, BIZLife.<\/p>\n<p>Through a review of their practical experience, the panelists will seek to answer both the question of\u00a0<strong>how conscious business can serve the community and contribute to environmental protection<\/strong>, and how and to what extent\u00a0<strong>business today is changing, adapting and transforming in an ever-changing world<\/strong>, as\u00a0<strong>previous business concepts are no longer sustainable and need to be changed and adapted to the goals of nature and the community.<\/strong><\/p>\n<p><a href=\"https:\/\/www.exitfondacija.org\/wp-content\/uploads\/2020\/09\/16x9_CR-Workshops_PRVI-vizual.png\" rel=\"prettyPhoto[gallery-0sls]\"><img loading=\"lazy\" decoding=\"async\" class=\"alignnone size-full wp-image-3016\" src=\"https:\/\/www.exitfondacija.org\/wp-content\/uploads\/2020\/09\/16x9_CR-Workshops_PRVI-vizual.png\" alt=\"\" width=\"1920\" height=\"1080\" srcset=\"https:\/\/www.exitfondacija.org\/wp-content\/uploads\/2020\/09\/16x9_CR-Workshops_PRVI-vizual.png 1920w, https:\/\/www.exitfondacija.org\/wp-content\/uploads\/2020\/09\/16x9_CR-Workshops_PRVI-vizual-300x169.png 300w, https:\/\/www.exitfondacija.org\/wp-content\/uploads\/2020\/09\/16x9_CR-Workshops_PRVI-vizual-1024x576.png 1024w, https:\/\/www.exitfondacija.org\/wp-content\/uploads\/2020\/09\/16x9_CR-Workshops_PRVI-vizual-768x432.png 768w, https:\/\/www.exitfondacija.org\/wp-content\/uploads\/2020\/09\/16x9_CR-Workshops_PRVI-vizual-1536x864.png 1536w\" sizes=\"auto, (max-width: 1920px) 100vw, 1920px\" \/><\/a>With this panel,\u00a0<strong>Visa and EXIT<\/strong>\u00a0will be announcing\u00a0<strong>three free workshops<\/strong>\u00a0that will be held in October and November in order to provide\u00a0<strong>support to small and medium businesses<\/strong>. The lecturer will be\u00a0<strong>Richard Barrett<\/strong>, the world\u2019s leading author, leader in values, president of the Barrett Academy for the Advancement of Human Values and founder of the Barrett Values Center, the world\u2019s largest value organization that has valued over 50 nations, tens of thousands of companies and hundreds of thousands of individuals around the world. For more info please visit:\u00a0<a href=\"https:\/\/consciousrevolution.life\/\"><strong>https:\/\/consciousrevolution.life\/<\/strong><\/a><\/p>\n<p>The Conscious R:Evolution platform brings together some of the world\u2019s leading speakers, artists, scientists, entrepreneurs and activists to discuss possible directions for individual and collective human development. The five panels held so far have been viewed more than 220,000 times and can be found on the\u00a0<a href=\"https:\/\/facebook.com\/exit.festival\/\"><strong>EXIT Festival Facebook page<\/strong><\/a>.<\/p>\n<p>&nbsp;<\/p>\n","protected":false},"excerpt":{"rendered":"<p>At 6 pm CET on Thursday, September 24th, EXIT\u2019s sixth panel in a row within the Conscious R:evolution platform will be broadcasted live on EXIT Festival\u2019s official Facebook page, on&#8230;<\/p>\n","protected":false},"author":1,"featured_media":3012,"comment_status":"closed","ping_status":"closed","sticky":false,"template":"","format":"standard","meta":{"footnotes":""},"categories":[4],"tags":[404,327,405,324,431],"class_list":{"0":"post-3015","1":"post","2":"type-post","3":"status-publish","4":"format-standard","5":"has-post-thumbnail","7":"category-news","8":"tag-conscious-revolution-en","9":"tag-exit-festival-en","10":"tag-exit-festival-en-2","11":"tag-exit-foundation","12":"tag-visa-en"},"yoast_head":"<!-- This site is optimized with the Yoast SEO plugin v25.5 - https:\/\/yoast.com\/wordpress\/plugins\/seo\/ -->\n<title>Exit\u2019s sixth panel will explore how conscious business contributes to the broader community and ecology<\/title>\n<meta name=\"robots\" content=\"index, follow, max-snippet:-1, max-image-preview:large, max-video-preview:-1\" \/>\n<link rel=\"canonical\" href=\"https:\/\/www.exitfondacija.org\/en\/news\/exits-sixth-panel-will-explore-how-conscious-business-contributes-to-the-broader-community-and-ecology\/\" \/>\n<meta property=\"og:locale\" content=\"en_US\" \/>\n<meta property=\"og:type\" content=\"article\" \/>\n<meta property=\"og:title\" content=\"Exit\u2019s sixth panel will explore how conscious business contributes to the broader community and ecology\" \/>\n<meta property=\"og:description\" content=\"At 6 pm CET on Thursday, September 24th, EXIT\u2019s sixth panel in a row within the Conscious R:evolution platform will be broadcasted live on EXIT Festival\u2019s official Facebook page, on...\" \/>\n<meta property=\"og:url\" content=\"https:\/\/www.exitfondacija.org\/en\/news\/exits-sixth-panel-will-explore-how-conscious-business-contributes-to-the-broader-community-and-ecology\/\" \/>\n<meta property=\"og:site_name\" content=\"EXIT Foundation\" \/>\n<meta property=\"article:publisher\" content=\"https:\/\/www.facebook.com\/ExitFondacija\" \/>\n<meta property=\"article:published_time\" content=\"2020-09-22T11:56:24+00:00\" \/>\n<meta property=\"og:image\" content=\"https:\/\/www.exitfondacija.org\/wp-content\/uploads\/2020\/09\/saopstenje_CORE-KV_tema-3.jpg\" \/>\n\t<meta property=\"og:image:width\" content=\"1300\" \/>\n\t<meta property=\"og:image:height\" content=\"731\" \/>\n\t<meta property=\"og:image:type\" content=\"image\/jpeg\" \/>\n<meta name=\"author\" content=\"EXIT Fondacija\" \/>\n<meta name=\"twitter:card\" content=\"summary_large_image\" \/>\n<meta name=\"twitter:creator\" content=\"@Exit_Fondacija\" \/>\n<meta name=\"twitter:site\" content=\"@Exit_Fondacija\" \/>\n<script type=\"application\/ld+json\" class=\"yoast-schema-graph\">{\"@context\":\"https:\/\/schema.org\",\"@graph\":[{\"@type\":\"Article\",\"@id\":\"https:\/\/www.exitfondacija.org\/en\/news\/exits-sixth-panel-will-explore-how-conscious-business-contributes-to-the-broader-community-and-ecology\/#article\",\"isPartOf\":{\"@id\":\"https:\/\/www.exitfondacija.org\/en\/news\/exits-sixth-panel-will-explore-how-conscious-business-contributes-to-the-broader-community-and-ecology\/\"},\"author\":{\"name\":\"EXIT Fondacija\",\"@id\":\"https:\/\/www.exitfondacija.org\/en\/#\/schema\/person\/53f291be39c8d712828c077b27c43f8c\"},\"headline\":\"Exit\u2019s sixth panel will explore how conscious business contributes to the broader community and ecology\",\"datePublished\":\"2020-09-22T11:56:24+00:00\",\"mainEntityOfPage\":{\"@id\":\"https:\/\/www.exitfondacija.org\/en\/news\/exits-sixth-panel-will-explore-how-conscious-business-contributes-to-the-broader-community-and-ecology\/\"},\"wordCount\":330,\"publisher\":{\"@id\":\"https:\/\/www.exitfondacija.org\/en\/#organization\"},\"image\":{\"@id\":\"https:\/\/www.exitfondacija.org\/en\/news\/exits-sixth-panel-will-explore-how-conscious-business-contributes-to-the-broader-community-and-ecology\/#primaryimage\"},\"thumbnailUrl\":\"https:\/\/www.exitfondacija.org\/wp-content\/uploads\/2020\/09\/saopstenje_CORE-KV_tema-3.jpg\",\"keywords\":[\"conscious revolution\",\"exit festival\",\"exit festival\",\"exit foundation\",\"visa\"],\"articleSection\":[\"News\"],\"inLanguage\":\"en-US\"},{\"@type\":\"WebPage\",\"@id\":\"https:\/\/www.exitfondacija.org\/en\/news\/exits-sixth-panel-will-explore-how-conscious-business-contributes-to-the-broader-community-and-ecology\/\",\"url\":\"https:\/\/www.exitfondacija.org\/en\/news\/exits-sixth-panel-will-explore-how-conscious-business-contributes-to-the-broader-community-and-ecology\/\",\"name\":\"Exit\u2019s sixth panel will explore how conscious business contributes to the broader community and ecology\",\"isPartOf\":{\"@id\":\"https:\/\/www.exitfondacija.org\/en\/#website\"},\"primaryImageOfPage\":{\"@id\":\"https:\/\/www.exitfondacija.org\/en\/news\/exits-sixth-panel-will-explore-how-conscious-business-contributes-to-the-broader-community-and-ecology\/#primaryimage\"},\"image\":{\"@id\":\"https:\/\/www.exitfondacija.org\/en\/news\/exits-sixth-panel-will-explore-how-conscious-business-contributes-to-the-broader-community-and-ecology\/#primaryimage\"},\"thumbnailUrl\":\"https:\/\/www.exitfondacija.org\/wp-content\/uploads\/2020\/09\/saopstenje_CORE-KV_tema-3.jpg\",\"datePublished\":\"2020-09-22T11:56:24+00:00\",\"breadcrumb\":{\"@id\":\"https:\/\/www.exitfondacija.org\/en\/news\/exits-sixth-panel-will-explore-how-conscious-business-contributes-to-the-broader-community-and-ecology\/#breadcrumb\"},\"inLanguage\":\"en-US\",\"potentialAction\":[{\"@type\":\"ReadAction\",\"target\":[\"https:\/\/www.exitfondacija.org\/en\/news\/exits-sixth-panel-will-explore-how-conscious-business-contributes-to-the-broader-community-and-ecology\/\"]}]},{\"@type\":\"ImageObject\",\"inLanguage\":\"en-US\",\"@id\":\"https:\/\/www.exitfondacija.org\/en\/news\/exits-sixth-panel-will-explore-how-conscious-business-contributes-to-the-broader-community-and-ecology\/#primaryimage\",\"url\":\"https:\/\/www.exitfondacija.org\/wp-content\/uploads\/2020\/09\/saopstenje_CORE-KV_tema-3.jpg\",\"contentUrl\":\"https:\/\/www.exitfondacija.org\/wp-content\/uploads\/2020\/09\/saopstenje_CORE-KV_tema-3.jpg\",\"width\":1300,\"height\":731},{\"@type\":\"BreadcrumbList\",\"@id\":\"https:\/\/www.exitfondacija.org\/en\/news\/exits-sixth-panel-will-explore-how-conscious-business-contributes-to-the-broader-community-and-ecology\/#breadcrumb\",\"itemListElement\":[{\"@type\":\"ListItem\",\"position\":1,\"name\":\"Po\u010detna\",\"item\":\"https:\/\/www.exitfondacija.org\/en\/\"},{\"@type\":\"ListItem\",\"position\":2,\"name\":\"News\",\"item\":\"https:\/\/www.exitfondacija.org\/en\/category\/news\/\"},{\"@type\":\"ListItem\",\"position\":3,\"name\":\"Exit\u2019s sixth panel will explore how conscious business contributes to the broader community and ecology\"}]},{\"@type\":\"WebSite\",\"@id\":\"https:\/\/www.exitfondacija.org\/en\/#website\",\"url\":\"https:\/\/www.exitfondacija.org\/en\/\",\"name\":\"EXIT Foundation\",\"description\":\"EXIT Foundation is part of the EXIT Festival team that focuses on social activism\",\"publisher\":{\"@id\":\"https:\/\/www.exitfondacija.org\/en\/#organization\"},\"potentialAction\":[{\"@type\":\"SearchAction\",\"target\":{\"@type\":\"EntryPoint\",\"urlTemplate\":\"https:\/\/www.exitfondacija.org\/en\/?s={search_term_string}\"},\"query-input\":{\"@type\":\"PropertyValueSpecification\",\"valueRequired\":true,\"valueName\":\"search_term_string\"}}],\"inLanguage\":\"en-US\"},{\"@type\":\"Organization\",\"@id\":\"https:\/\/www.exitfondacija.org\/en\/#organization\",\"name\":\"EXIT Fondacija\",\"url\":\"https:\/\/www.exitfondacija.org\/en\/\",\"logo\":{\"@type\":\"ImageObject\",\"inLanguage\":\"en-US\",\"@id\":\"https:\/\/www.exitfondacija.org\/en\/#\/schema\/logo\/image\/\",\"url\":\"https:\/\/www.exitfondacija.org\/wp-content\/uploads\/2018\/05\/exit-fondacija-2x.png\",\"contentUrl\":\"https:\/\/www.exitfondacija.org\/wp-content\/uploads\/2018\/05\/exit-fondacija-2x.png\",\"width\":240,\"height\":120,\"caption\":\"EXIT Fondacija\"},\"image\":{\"@id\":\"https:\/\/www.exitfondacija.org\/en\/#\/schema\/logo\/image\/\"},\"sameAs\":[\"https:\/\/www.facebook.com\/ExitFondacija\",\"https:\/\/x.com\/Exit_Fondacija\",\"https:\/\/www.instagram.com\/exit_fondacija\/\",\"https:\/\/www.linkedin.com\/company\/exit-founation\/\",\"https:\/\/www.youtube.com\/channel\/UCM7nFR07sXm5_foFHpuGgFg\",\"https:\/\/sr.wikipedia.org\/sr-el\/Exit_(\u0444\u0435\u0441\u0442\u0438\u0432\u0430\u043b)\"]},{\"@type\":\"Person\",\"@id\":\"https:\/\/www.exitfondacija.org\/en\/#\/schema\/person\/53f291be39c8d712828c077b27c43f8c\",\"name\":\"EXIT Fondacija\",\"image\":{\"@type\":\"ImageObject\",\"inLanguage\":\"en-US\",\"@id\":\"https:\/\/www.exitfondacija.org\/en\/#\/schema\/person\/image\/\",\"url\":\"https:\/\/www.exitfondacija.org\/wp-content\/uploads\/2018\/07\/exit-fondacija-user-avatar-100x100.png\",\"contentUrl\":\"https:\/\/www.exitfondacija.org\/wp-content\/uploads\/2018\/07\/exit-fondacija-user-avatar-100x100.png\",\"caption\":\"EXIT Fondacija\"}}]}<\/script>\n<!-- \/ Yoast SEO plugin. -->","yoast_head_json":{"title":"Exit\u2019s sixth panel will explore how conscious business contributes to the broader community and ecology","robots":{"index":"index","follow":"follow","max-snippet":"max-snippet:-1","max-image-preview":"max-image-preview:large","max-video-preview":"max-video-preview:-1"},"canonical":"https:\/\/www.exitfondacija.org\/en\/news\/exits-sixth-panel-will-explore-how-conscious-business-contributes-to-the-broader-community-and-ecology\/","og_locale":"en_US","og_type":"article","og_title":"Exit\u2019s sixth panel will explore how conscious business contributes to the broader community and ecology","og_description":"At 6 pm CET on Thursday, September 24th, EXIT\u2019s sixth panel in a row within the Conscious R:evolution platform will be broadcasted live on EXIT Festival\u2019s official Facebook page, on...","og_url":"https:\/\/www.exitfondacija.org\/en\/news\/exits-sixth-panel-will-explore-how-conscious-business-contributes-to-the-broader-community-and-ecology\/","og_site_name":"EXIT Foundation","article_publisher":"https:\/\/www.facebook.com\/ExitFondacija","article_published_time":"2020-09-22T11:56:24+00:00","og_image":[{"width":1300,"height":731,"url":"https:\/\/www.exitfondacija.org\/wp-content\/uploads\/2020\/09\/saopstenje_CORE-KV_tema-3.jpg","type":"image\/jpeg"}],"author":"EXIT Fondacija","twitter_card":"summary_large_image","twitter_creator":"@Exit_Fondacija","twitter_site":"@Exit_Fondacija","schema":{"@context":"https:\/\/schema.org","@graph":[{"@type":"Article","@id":"https:\/\/www.exitfondacija.org\/en\/news\/exits-sixth-panel-will-explore-how-conscious-business-contributes-to-the-broader-community-and-ecology\/#article","isPartOf":{"@id":"https:\/\/www.exitfondacija.org\/en\/news\/exits-sixth-panel-will-explore-how-conscious-business-contributes-to-the-broader-community-and-ecology\/"},"author":{"name":"EXIT Fondacija","@id":"https:\/\/www.exitfondacija.org\/en\/#\/schema\/person\/53f291be39c8d712828c077b27c43f8c"},"headline":"Exit\u2019s sixth panel will explore how conscious business contributes to the broader community and ecology","datePublished":"2020-09-22T11:56:24+00:00","mainEntityOfPage":{"@id":"https:\/\/www.exitfondacija.org\/en\/news\/exits-sixth-panel-will-explore-how-conscious-business-contributes-to-the-broader-community-and-ecology\/"},"wordCount":330,"publisher":{"@id":"https:\/\/www.exitfondacija.org\/en\/#organization"},"image":{"@id":"https:\/\/www.exitfondacija.org\/en\/news\/exits-sixth-panel-will-explore-how-conscious-business-contributes-to-the-broader-community-and-ecology\/#primaryimage"},"thumbnailUrl":"https:\/\/www.exitfondacija.org\/wp-content\/uploads\/2020\/09\/saopstenje_CORE-KV_tema-3.jpg","keywords":["conscious revolution","exit festival","exit festival","exit foundation","visa"],"articleSection":["News"],"inLanguage":"en-US"},{"@type":"WebPage","@id":"https:\/\/www.exitfondacija.org\/en\/news\/exits-sixth-panel-will-explore-how-conscious-business-contributes-to-the-broader-community-and-ecology\/","url":"https:\/\/www.exitfondacija.org\/en\/news\/exits-sixth-panel-will-explore-how-conscious-business-contributes-to-the-broader-community-and-ecology\/","name":"Exit\u2019s sixth panel will explore how conscious business contributes to the broader community and ecology","isPartOf":{"@id":"https:\/\/www.exitfondacija.org\/en\/#website"},"primaryImageOfPage":{"@id":"https:\/\/www.exitfondacija.org\/en\/news\/exits-sixth-panel-will-explore-how-conscious-business-contributes-to-the-broader-community-and-ecology\/#primaryimage"},"image":{"@id":"https:\/\/www.exitfondacija.org\/en\/news\/exits-sixth-panel-will-explore-how-conscious-business-contributes-to-the-broader-community-and-ecology\/#primaryimage"},"thumbnailUrl":"https:\/\/www.exitfondacija.org\/wp-content\/uploads\/2020\/09\/saopstenje_CORE-KV_tema-3.jpg","datePublished":"2020-09-22T11:56:24+00:00","breadcrumb":{"@id":"https:\/\/www.exitfondacija.org\/en\/news\/exits-sixth-panel-will-explore-how-conscious-business-contributes-to-the-broader-community-and-ecology\/#breadcrumb"},"inLanguage":"en-US","potentialAction":[{"@type":"ReadAction","target":["https:\/\/www.exitfondacija.org\/en\/news\/exits-sixth-panel-will-explore-how-conscious-business-contributes-to-the-broader-community-and-ecology\/"]}]},{"@type":"ImageObject","inLanguage":"en-US","@id":"https:\/\/www.exitfondacija.org\/en\/news\/exits-sixth-panel-will-explore-how-conscious-business-contributes-to-the-broader-community-and-ecology\/#primaryimage","url":"https:\/\/www.exitfondacija.org\/wp-content\/uploads\/2020\/09\/saopstenje_CORE-KV_tema-3.jpg","contentUrl":"https:\/\/www.exitfondacija.org\/wp-content\/uploads\/2020\/09\/saopstenje_CORE-KV_tema-3.jpg","width":1300,"height":731},{"@type":"BreadcrumbList","@id":"https:\/\/www.exitfondacija.org\/en\/news\/exits-sixth-panel-will-explore-how-conscious-business-contributes-to-the-broader-community-and-ecology\/#breadcrumb","itemListElement":[{"@type":"ListItem","position":1,"name":"Po\u010detna","item":"https:\/\/www.exitfondacija.org\/en\/"},{"@type":"ListItem","position":2,"name":"News","item":"https:\/\/www.exitfondacija.org\/en\/category\/news\/"},{"@type":"ListItem","position":3,"name":"Exit\u2019s sixth panel will explore how conscious business contributes to the broader community and ecology"}]},{"@type":"WebSite","@id":"https:\/\/www.exitfondacija.org\/en\/#website","url":"https:\/\/www.exitfondacija.org\/en\/","name":"EXIT Foundation","description":"EXIT Foundation is part of the EXIT Festival team that focuses on social activism","publisher":{"@id":"https:\/\/www.exitfondacija.org\/en\/#organization"},"potentialAction":[{"@type":"SearchAction","target":{"@type":"EntryPoint","urlTemplate":"https:\/\/www.exitfondacija.org\/en\/?s={search_term_string}"},"query-input":{"@type":"PropertyValueSpecification","valueRequired":true,"valueName":"search_term_string"}}],"inLanguage":"en-US"},{"@type":"Organization","@id":"https:\/\/www.exitfondacija.org\/en\/#organization","name":"EXIT Fondacija","url":"https:\/\/www.exitfondacija.org\/en\/","logo":{"@type":"ImageObject","inLanguage":"en-US","@id":"https:\/\/www.exitfondacija.org\/en\/#\/schema\/logo\/image\/","url":"https:\/\/www.exitfondacija.org\/wp-content\/uploads\/2018\/05\/exit-fondacija-2x.png","contentUrl":"https:\/\/www.exitfondacija.org\/wp-content\/uploads\/2018\/05\/exit-fondacija-2x.png","width":240,"height":120,"caption":"EXIT Fondacija"},"image":{"@id":"https:\/\/www.exitfondacija.org\/en\/#\/schema\/logo\/image\/"},"sameAs":["https:\/\/www.facebook.com\/ExitFondacija","https:\/\/x.com\/Exit_Fondacija","https:\/\/www.instagram.com\/exit_fondacija\/","https:\/\/www.linkedin.com\/company\/exit-founation\/","https:\/\/www.youtube.com\/channel\/UCM7nFR07sXm5_foFHpuGgFg","https:\/\/sr.wikipedia.org\/sr-el\/Exit_(\u0444\u0435\u0441\u0442\u0438\u0432\u0430\u043b)"]},{"@type":"Person","@id":"https:\/\/www.exitfondacija.org\/en\/#\/schema\/person\/53f291be39c8d712828c077b27c43f8c","name":"EXIT Fondacija","image":{"@type":"ImageObject","inLanguage":"en-US","@id":"https:\/\/www.exitfondacija.org\/en\/#\/schema\/person\/image\/","url":"https:\/\/www.exitfondacija.org\/wp-content\/uploads\/2018\/07\/exit-fondacija-user-avatar-100x100.png","contentUrl":"https:\/\/www.exitfondacija.org\/wp-content\/uploads\/2018\/07\/exit-fondacija-user-avatar-100x100.png","caption":"EXIT Fondacija"}}]}},"_links":{"self":[{"href":"https:\/\/www.exitfondacija.org\/en\/wp-json\/wp\/v2\/posts\/3015","targetHints":{"allow":["GET"]}}],"collection":[{"href":"https:\/\/www.exitfondacija.org\/en\/wp-json\/wp\/v2\/posts"}],"about":[{"href":"https:\/\/www.exitfondacija.org\/en\/wp-json\/wp\/v2\/types\/post"}],"author":[{"embeddable":true,"href":"https:\/\/www.exitfondacija.org\/en\/wp-json\/wp\/v2\/users\/1"}],"replies":[{"embeddable":true,"href":"https:\/\/www.exitfondacija.org\/en\/wp-json\/wp\/v2\/comments?post=3015"}],"version-history":[{"count":0,"href":"https:\/\/www.exitfondacija.org\/en\/wp-json\/wp\/v2\/posts\/3015\/revisions"}],"wp:featuredmedia":[{"embeddable":true,"href":"https:\/\/www.exitfondacija.org\/en\/wp-json\/wp\/v2\/media\/3012"}],"wp:attachment":[{"href":"https:\/\/www.exitfondacija.org\/en\/wp-json\/wp\/v2\/media?parent=3015"}],"wp:term":[{"taxonomy":"category","embeddable":true,"href":"https:\/\/www.exitfondacija.org\/en\/wp-json\/wp\/v2\/categories?post=3015"},{"taxonomy":"post_tag","embeddable":true,"href":"https:\/\/www.exitfondacija.org\/en\/wp-json\/wp\/v2\/tags?post=3015"}],"curies":[{"name":"wp","href":"https:\/\/api.w.org\/{rel}","templated":true}]}}